{"id":74789,"date":"2025-05-28T15:19:36","date_gmt":"2025-05-28T15:19:36","guid":{"rendered":"https:\/\/mediasindependent.ro\/?p=74789"},"modified":"2025-06-02T15:21:28","modified_gmt":"2025-06-02T15:21:28","slug":"autoritatile-din-medias-monitorizeaza-cresterea-nivelului-raului-tarnava-mare-video","status":"publish","type":"post","link":"https:\/\/mediasindependent.ro\/?p=74789","title":{"rendered":"Autorit\u0103\u021bile din Media\u0219 monitorizeaz\u0103 cre\u0219terea nivelului r\u00e2ului T\u00e2rnava Mare (video)"},"content":{"rendered":"\n<h5 class=\"wp-block-heading\"><strong><strong>Ast\u0103zi, 28 mai 2025, \u00een urma verific\u0103rilor efectuate la punctul de m\u0103surare din municipiul Media\u0219, s-a constatat o dep\u0103\u0219ire a cotei de aten\u021bie a r\u00e2ului T\u00e2rnava Mare cu 5 cm.<\/strong><\/strong><\/h5>\n\n\n\n<p>\u00cen urma informa\u021biilor primite de la administra\u021biile publice locale din localit\u0103\u021bile aflate \u00een amontele r\u00e2ului T\u00e2rnava Mare, debitul va mai cre\u0219te \u00een urm\u0103toarele ore, \u00eens\u0103 nu va atinge cota de inunda\u021bie \u0219i nu exist\u0103 nici un pericol de inunda\u021bie \u00een municipiul Media\u0219.<\/p>\n\n\n\n<p>O comisie din cadrul Comitetului Local pentru Situa\u021bii de Urgen\u021b\u0103 din cadrul Prim\u0103riei Municipiului Media\u0219 este \u00eentrunit\u0103 \u0219i monitorizeaz\u0103 pe tot parcursul zilei nivelul de debit al r\u00e2ului T\u00e2rnava Mare.&nbsp;<\/p>\n\n\n\n<p><strong>Autorit\u0103\u021bile medie\u0219ene anun\u021b\u0103 c\u0103 vor fi efectuate inform\u0103ri ale popula\u021biei \u00een ceea ce prive\u0219te debitul r\u00e2ului T\u00e2rnava Mare.<\/strong><\/p>\n\n\n\n<figure class=\"wp-block-embed is-type-video is-provider-youtube wp-block-embed-youtube wp-embed-aspect-16-9 wp-has-aspect-ratio\"><div class=\"wp-block-embed__wrapper\">\n<iframe loading=\"lazy\" title=\"R\u00e2ul T\u00e2rnava Mare a dep\u0103\u0219it cota de aten\u021bie - Nu exist\u0103 risc de inunda\u021bii\" width=\"800\" height=\"450\" src=\"https:\/\/www.youtube.com\/embed\/xXxOduNJuZA?start=1&#038;feature=oembed\" frameborder=\"0\" allow=\"accelerometer; autoplay; clipboard-write; encrypted-media; gyroscope; picture-in-picture; web-share\" referrerpolicy=\"strict-origin-when-cross-origin\" allowfullscreen><\/iframe>\n<\/div><\/figure>\n","protected":false},"excerpt":{"rendered":"<p>Ast&#259;zi, 28 mai 2025, &icirc;n urma verific&#259;rilor efectuate la punctul de m&#259;surare din municipiul Media&#537;, s-a constatat o dep&#259;&#537;ire a<\/p>\n","protected":false},"author":2,"featured_media":74790,"comment_status":"open","ping_status":"open","sticky":false,"template":"","format":"standard","meta":{"colormag_page_container_layout":"default_layout","colormag_page_sidebar_layout":"default_layout","_exactmetrics_skip_tracking":false,"_exactmetrics_sitenote_active":false,"_exactmetrics_sitenote_note":"","_exactmetrics_sitenote_category":0,"footnotes":""},"categories":[4,5],"tags":[],"class_list":["post-74789","post","type-post","status-publish","format-standard","has-post-thumbnail","hentry","category-actualitate","category-medias"],"yoast_head":"<!-- This site is optimized with the Yoast SEO plugin v27.5 - https:\/\/yoast.com\/product\/yoast-seo-wordpress\/ -->\n<title>Autorit\u0103\u021bile din Media\u0219 monitorizeaz\u0103 cre\u0219terea nivelului r\u00e2ului T\u00e2rnava Mare (video) -<\/title>\n<meta name=\"robots\" content=\"index, follow, max-snippet:-1, max-image-preview:large, max-video-preview:-1\" \/>\n<link rel=\"canonical\" href=\"https:\/\/mediasindependent.ro\/?p=74789\" \/>\n<meta property=\"og:locale\" content=\"ro_RO\" \/>\n<meta property=\"og:type\" content=\"article\" \/>\n<meta property=\"og:title\" content=\"Autorit\u0103\u021bile din Media\u0219 monitorizeaz\u0103 cre\u0219terea nivelului r\u00e2ului T\u00e2rnava Mare (video) -\" \/>\n<meta property=\"og:description\" content=\"Ast&#259;zi, 28 mai 2025, &icirc;n urma verific&#259;rilor efectuate la punctul de m&#259;surare din municipiul Media&#537;, s-a constatat o dep&#259;&#537;ire a\" \/>\n<meta property=\"og:url\" content=\"https:\/\/mediasindependent.ro\/?p=74789\" \/>\n<meta property=\"article:publisher\" content=\"https:\/\/www.facebook.com\/mediasindependent\" \/>\n<meta property=\"article:published_time\" content=\"2025-05-28T15:19:36+00:00\" \/>\n<meta property=\"article:modified_time\" content=\"2025-06-02T15:21:28+00:00\" \/>\n<meta property=\"og:image\" content=\"https:\/\/mediasindependent.ro\/wp-content\/uploads\/2025\/06\/image-3.png\" \/>\n\t<meta property=\"og:image:width\" content=\"1475\" \/>\n\t<meta property=\"og:image:height\" content=\"756\" \/>\n\t<meta property=\"og:image:type\" content=\"image\/png\" \/>\n<meta name=\"author\" content=\"Rebecca Maria\" \/>\n<meta name=\"twitter:card\" content=\"summary_large_image\" \/>\n<meta name=\"twitter:label1\" content=\"Scris de\" \/>\n\t<meta name=\"twitter:data1\" content=\"Rebecca Maria\" \/>\n\t<meta name=\"twitter:label2\" content=\"Timp estimat pentru citire\" \/>\n\t<meta name=\"twitter:data2\" content=\"2 minute\" \/>\n<script type=\"application\/ld+json\" class=\"yoast-schema-graph\">{\"@context\":\"https:\\\/\\\/schema.org\",\"@graph\":[{\"@type\":\"Article\",\"@id\":\"https:\\\/\\\/mediasindependent.ro\\\/?p=74789#article\",\"isPartOf\":{\"@id\":\"https:\\\/\\\/mediasindependent.ro\\\/?p=74789\"},\"author\":{\"name\":\"Rebecca Maria\",\"@id\":\"https:\\\/\\\/mediasindependent.ro\\\/#\\\/schema\\\/person\\\/dd94f3c4e6e272558fc308861ffcf28a\"},\"headline\":\"Autorit\u0103\u021bile din Media\u0219 monitorizeaz\u0103 cre\u0219terea nivelului r\u00e2ului T\u00e2rnava Mare (video)\",\"datePublished\":\"2025-05-28T15:19:36+00:00\",\"dateModified\":\"2025-06-02T15:21:28+00:00\",\"mainEntityOfPage\":{\"@id\":\"https:\\\/\\\/mediasindependent.ro\\\/?p=74789\"},\"wordCount\":169,\"commentCount\":0,\"publisher\":{\"@id\":\"https:\\\/\\\/mediasindependent.ro\\\/#organization\"},\"image\":{\"@id\":\"https:\\\/\\\/mediasindependent.ro\\\/?p=74789#primaryimage\"},\"thumbnailUrl\":\"https:\\\/\\\/mediasindependent.ro\\\/wp-content\\\/uploads\\\/2025\\\/06\\\/image-3.png\",\"articleSection\":[\"Actualitate\",\"Media\u015f\"],\"inLanguage\":\"ro-RO\",\"potentialAction\":[{\"@type\":\"CommentAction\",\"name\":\"Comment\",\"target\":[\"https:\\\/\\\/mediasindependent.ro\\\/?p=74789#respond\"]}]},{\"@type\":\"WebPage\",\"@id\":\"https:\\\/\\\/mediasindependent.ro\\\/?p=74789\",\"url\":\"https:\\\/\\\/mediasindependent.ro\\\/?p=74789\",\"name\":\"Autorit\u0103\u021bile din Media\u0219 monitorizeaz\u0103 cre\u0219terea nivelului r\u00e2ului T\u00e2rnava Mare (video) -\",\"isPartOf\":{\"@id\":\"https:\\\/\\\/mediasindependent.ro\\\/#website\"},\"primaryImageOfPage\":{\"@id\":\"https:\\\/\\\/mediasindependent.ro\\\/?p=74789#primaryimage\"},\"image\":{\"@id\":\"https:\\\/\\\/mediasindependent.ro\\\/?p=74789#primaryimage\"},\"thumbnailUrl\":\"https:\\\/\\\/mediasindependent.ro\\\/wp-content\\\/uploads\\\/2025\\\/06\\\/image-3.png\",\"datePublished\":\"2025-05-28T15:19:36+00:00\",\"dateModified\":\"2025-06-02T15:21:28+00:00\",\"breadcrumb\":{\"@id\":\"https:\\\/\\\/mediasindependent.ro\\\/?p=74789#breadcrumb\"},\"inLanguage\":\"ro-RO\",\"potentialAction\":[{\"@type\":\"ReadAction\",\"target\":[\"https:\\\/\\\/mediasindependent.ro\\\/?p=74789\"]}]},{\"@type\":\"ImageObject\",\"inLanguage\":\"ro-RO\",\"@id\":\"https:\\\/\\\/mediasindependent.ro\\\/?p=74789#primaryimage\",\"url\":\"https:\\\/\\\/mediasindependent.ro\\\/wp-content\\\/uploads\\\/2025\\\/06\\\/image-3.png\",\"contentUrl\":\"https:\\\/\\\/mediasindependent.ro\\\/wp-content\\\/uploads\\\/2025\\\/06\\\/image-3.png\",\"width\":1475,\"height\":756},{\"@type\":\"BreadcrumbList\",\"@id\":\"https:\\\/\\\/mediasindependent.ro\\\/?p=74789#breadcrumb\",\"itemListElement\":[{\"@type\":\"ListItem\",\"position\":1,\"name\":\"Prima pagin\u0103\",\"item\":\"https:\\\/\\\/mediasindependent.ro\\\/\"},{\"@type\":\"ListItem\",\"position\":2,\"name\":\"Autorit\u0103\u021bile din Media\u0219 monitorizeaz\u0103 cre\u0219terea nivelului r\u00e2ului T\u00e2rnava Mare (video)\"}]},{\"@type\":\"WebSite\",\"@id\":\"https:\\\/\\\/mediasindependent.ro\\\/#website\",\"url\":\"https:\\\/\\\/mediasindependent.ro\\\/\",\"name\":\"Media\u0219 Independent\",\"description\":\"Ziarul Media\u015fului \u015fi nordului jude\u0163ului Sibiu\",\"publisher\":{\"@id\":\"https:\\\/\\\/mediasindependent.ro\\\/#organization\"},\"potentialAction\":[{\"@type\":\"SearchAction\",\"target\":{\"@type\":\"EntryPoint\",\"urlTemplate\":\"https:\\\/\\\/mediasindependent.ro\\\/?s={search_term_string}\"},\"query-input\":{\"@type\":\"PropertyValueSpecification\",\"valueRequired\":true,\"valueName\":\"search_term_string\"}}],\"inLanguage\":\"ro-RO\"},{\"@type\":\"Organization\",\"@id\":\"https:\\\/\\\/mediasindependent.ro\\\/#organization\",\"name\":\"Medias Independent\",\"url\":\"https:\\\/\\\/mediasindependent.ro\\\/\",\"logo\":{\"@type\":\"ImageObject\",\"inLanguage\":\"ro-RO\",\"@id\":\"https:\\\/\\\/mediasindependent.ro\\\/#\\\/schema\\\/logo\\\/image\\\/\",\"url\":\"https:\\\/\\\/mediasindependent.ro\\\/wp-content\\\/uploads\\\/2021\\\/02\\\/Medias-banner.jpg\",\"contentUrl\":\"https:\\\/\\\/mediasindependent.ro\\\/wp-content\\\/uploads\\\/2021\\\/02\\\/Medias-banner.jpg\",\"width\":1920,\"height\":579,\"caption\":\"Medias Independent\"},\"image\":{\"@id\":\"https:\\\/\\\/mediasindependent.ro\\\/#\\\/schema\\\/logo\\\/image\\\/\"},\"sameAs\":[\"https:\\\/\\\/www.facebook.com\\\/mediasindependent\"]},{\"@type\":\"Person\",\"@id\":\"https:\\\/\\\/mediasindependent.ro\\\/#\\\/schema\\\/person\\\/dd94f3c4e6e272558fc308861ffcf28a\",\"name\":\"Rebecca Maria\",\"url\":\"https:\\\/\\\/mediasindependent.ro\\\/?author=2\"}]}<\/script>\n<!-- \/ Yoast SEO plugin. -->","yoast_head_json":{"title":"Autorit\u0103\u021bile din Media\u0219 monitorizeaz\u0103 cre\u0219terea nivelului r\u00e2ului T\u00e2rnava Mare (video) -","robots":{"index":"index","follow":"follow","max-snippet":"max-snippet:-1","max-image-preview":"max-image-preview:large","max-video-preview":"max-video-preview:-1"},"canonical":"https:\/\/mediasindependent.ro\/?p=74789","og_locale":"ro_RO","og_type":"article","og_title":"Autorit\u0103\u021bile din Media\u0219 monitorizeaz\u0103 cre\u0219terea nivelului r\u00e2ului T\u00e2rnava Mare (video) -","og_description":"Ast&#259;zi, 28 mai 2025, &icirc;n urma verific&#259;rilor efectuate la punctul de m&#259;surare din municipiul Media&#537;, s-a constatat o dep&#259;&#537;ire a","og_url":"https:\/\/mediasindependent.ro\/?p=74789","article_publisher":"https:\/\/www.facebook.com\/mediasindependent","article_published_time":"2025-05-28T15:19:36+00:00","article_modified_time":"2025-06-02T15:21:28+00:00","og_image":[{"width":1475,"height":756,"url":"https:\/\/mediasindependent.ro\/wp-content\/uploads\/2025\/06\/image-3.png","type":"image\/png"}],"author":"Rebecca Maria","twitter_card":"summary_large_image","twitter_misc":{"Scris de":"Rebecca Maria","Timp estimat pentru citire":"2 minute"},"schema":{"@context":"https:\/\/schema.org","@graph":[{"@type":"Article","@id":"https:\/\/mediasindependent.ro\/?p=74789#article","isPartOf":{"@id":"https:\/\/mediasindependent.ro\/?p=74789"},"author":{"name":"Rebecca Maria","@id":"https:\/\/mediasindependent.ro\/#\/schema\/person\/dd94f3c4e6e272558fc308861ffcf28a"},"headline":"Autorit\u0103\u021bile din Media\u0219 monitorizeaz\u0103 cre\u0219terea nivelului r\u00e2ului T\u00e2rnava Mare (video)","datePublished":"2025-05-28T15:19:36+00:00","dateModified":"2025-06-02T15:21:28+00:00","mainEntityOfPage":{"@id":"https:\/\/mediasindependent.ro\/?p=74789"},"wordCount":169,"commentCount":0,"publisher":{"@id":"https:\/\/mediasindependent.ro\/#organization"},"image":{"@id":"https:\/\/mediasindependent.ro\/?p=74789#primaryimage"},"thumbnailUrl":"https:\/\/mediasindependent.ro\/wp-content\/uploads\/2025\/06\/image-3.png","articleSection":["Actualitate","Media\u015f"],"inLanguage":"ro-RO","potentialAction":[{"@type":"CommentAction","name":"Comment","target":["https:\/\/mediasindependent.ro\/?p=74789#respond"]}]},{"@type":"WebPage","@id":"https:\/\/mediasindependent.ro\/?p=74789","url":"https:\/\/mediasindependent.ro\/?p=74789","name":"Autorit\u0103\u021bile din Media\u0219 monitorizeaz\u0103 cre\u0219terea nivelului r\u00e2ului T\u00e2rnava Mare (video) -","isPartOf":{"@id":"https:\/\/mediasindependent.ro\/#website"},"primaryImageOfPage":{"@id":"https:\/\/mediasindependent.ro\/?p=74789#primaryimage"},"image":{"@id":"https:\/\/mediasindependent.ro\/?p=74789#primaryimage"},"thumbnailUrl":"https:\/\/mediasindependent.ro\/wp-content\/uploads\/2025\/06\/image-3.png","datePublished":"2025-05-28T15:19:36+00:00","dateModified":"2025-06-02T15:21:28+00:00","breadcrumb":{"@id":"https:\/\/mediasindependent.ro\/?p=74789#breadcrumb"},"inLanguage":"ro-RO","potentialAction":[{"@type":"ReadAction","target":["https:\/\/mediasindependent.ro\/?p=74789"]}]},{"@type":"ImageObject","inLanguage":"ro-RO","@id":"https:\/\/mediasindependent.ro\/?p=74789#primaryimage","url":"https:\/\/mediasindependent.ro\/wp-content\/uploads\/2025\/06\/image-3.png","contentUrl":"https:\/\/mediasindependent.ro\/wp-content\/uploads\/2025\/06\/image-3.png","width":1475,"height":756},{"@type":"BreadcrumbList","@id":"https:\/\/mediasindependent.ro\/?p=74789#breadcrumb","itemListElement":[{"@type":"ListItem","position":1,"name":"Prima pagin\u0103","item":"https:\/\/mediasindependent.ro\/"},{"@type":"ListItem","position":2,"name":"Autorit\u0103\u021bile din Media\u0219 monitorizeaz\u0103 cre\u0219terea nivelului r\u00e2ului T\u00e2rnava Mare (video)"}]},{"@type":"WebSite","@id":"https:\/\/mediasindependent.ro\/#website","url":"https:\/\/mediasindependent.ro\/","name":"Media\u0219 Independent","description":"Ziarul Media\u015fului \u015fi nordului jude\u0163ului Sibiu","publisher":{"@id":"https:\/\/mediasindependent.ro\/#organization"},"potentialAction":[{"@type":"SearchAction","target":{"@type":"EntryPoint","urlTemplate":"https:\/\/mediasindependent.ro\/?s={search_term_string}"},"query-input":{"@type":"PropertyValueSpecification","valueRequired":true,"valueName":"search_term_string"}}],"inLanguage":"ro-RO"},{"@type":"Organization","@id":"https:\/\/mediasindependent.ro\/#organization","name":"Medias Independent","url":"https:\/\/mediasindependent.ro\/","logo":{"@type":"ImageObject","inLanguage":"ro-RO","@id":"https:\/\/mediasindependent.ro\/#\/schema\/logo\/image\/","url":"https:\/\/mediasindependent.ro\/wp-content\/uploads\/2021\/02\/Medias-banner.jpg","contentUrl":"https:\/\/mediasindependent.ro\/wp-content\/uploads\/2021\/02\/Medias-banner.jpg","width":1920,"height":579,"caption":"Medias Independent"},"image":{"@id":"https:\/\/mediasindependent.ro\/#\/schema\/logo\/image\/"},"sameAs":["https:\/\/www.facebook.com\/mediasindependent"]},{"@type":"Person","@id":"https:\/\/mediasindependent.ro\/#\/schema\/person\/dd94f3c4e6e272558fc308861ffcf28a","name":"Rebecca Maria","url":"https:\/\/mediasindependent.ro\/?author=2"}]}},"jetpack_featured_media_url":"https:\/\/mediasindependent.ro\/wp-content\/uploads\/2025\/06\/image-3.png","_links":{"self":[{"href":"https:\/\/mediasindependent.ro\/index.php?rest_route=\/wp\/v2\/posts\/74789","targetHints":{"allow":["GET"]}}],"collection":[{"href":"https:\/\/mediasindependent.ro\/index.php?rest_route=\/wp\/v2\/posts"}],"about":[{"href":"https:\/\/mediasindependent.ro\/index.php?rest_route=\/wp\/v2\/types\/post"}],"author":[{"embeddable":true,"href":"https:\/\/mediasindependent.ro\/index.php?rest_route=\/wp\/v2\/users\/2"}],"replies":[{"embeddable":true,"href":"https:\/\/mediasindependent.ro\/index.php?rest_route=%2Fwp%2Fv2%2Fcomments&post=74789"}],"version-history":[{"count":1,"href":"https:\/\/mediasindependent.ro\/index.php?rest_route=\/wp\/v2\/posts\/74789\/revisions"}],"predecessor-version":[{"id":74791,"href":"https:\/\/mediasindependent.ro\/index.php?rest_route=\/wp\/v2\/posts\/74789\/revisions\/74791"}],"wp:featuredmedia":[{"embeddable":true,"href":"https:\/\/mediasindependent.ro\/index.php?rest_route=\/wp\/v2\/media\/74790"}],"wp:attachment":[{"href":"https:\/\/mediasindependent.ro\/index.php?rest_route=%2Fwp%2Fv2%2Fmedia&parent=74789"}],"wp:term":[{"taxonomy":"category","embeddable":true,"href":"https:\/\/mediasindependent.ro\/index.php?rest_route=%2Fwp%2Fv2%2Fcategories&post=74789"},{"taxonomy":"post_tag","embeddable":true,"href":"https:\/\/mediasindependent.ro\/index.php?rest_route=%2Fwp%2Fv2%2Ftags&post=74789"}],"curies":[{"name":"wp","href":"https:\/\/api.w.org\/{rel}","templated":true}]}}