{"id":73053,"date":"2023-03-06T13:29:45","date_gmt":"2023-03-06T13:29:45","guid":{"rendered":"https:\/\/mediasindependent.ro\/?p=73053"},"modified":"2023-03-06T13:30:06","modified_gmt":"2023-03-06T13:30:06","slug":"spectacol-dedicat-zilei-mamei-la-medias","status":"publish","type":"post","link":"https:\/\/mediasindependent.ro\/?p=73053","title":{"rendered":"Spectacol dedicat Zilei Mamei la Media\u0219"},"content":{"rendered":"\n<p>Direc\u021bia pentru Cultur\u0103 din cadrul Prim\u0103riei Media\u0219 a organizat \u00een acest sf\u00e2r\u0219it de s\u0103pt\u0103m\u00e2n\u0103 spectacolul \u201eUn dar de ziua ta\u201c, dedicat tuturor doamnelor \u0219i domni\u0219oarelor, cu ocazia zilei de 8 Martie. Medie\u0219enii au fost prezen\u021bi \u00een num\u0103r mare la Sala Traube \u0219i au putut asista la un eveniment de muzic\u0103 \u0219i dans, \u00een interpretarea arti\u0219tilor locali \u0219i a diferitelor ansambluri din ora\u0219.<\/p>\n\n\n\n<figure class=\"wp-block-gallery has-nested-images columns-default is-cropped wp-block-gallery-1 is-layout-flex wp-block-gallery-is-layout-flex\">\n<figure class=\"wp-block-image size-large\"><img decoding=\"async\" data-id=\"73061\" src=\"https:\/\/sibiuindependent.ro\/wp-content\/uploads\/2023\/03\/3830A4D4-D997-461E-A5C6-BA919123A9F7.jpg\" alt=\"\" class=\"wp-image-73061\"\/><\/figure>\n\n\n\n<figure class=\"wp-block-image size-large\"><img decoding=\"async\" data-id=\"73057\" src=\"https:\/\/sibiuindependent.ro\/wp-content\/uploads\/2023\/03\/51E119D3-D498-4E4F-944A-216246ECACB0.jpg\" alt=\"\" class=\"wp-image-73057\"\/><\/figure>\n\n\n\n<figure class=\"wp-block-image size-large\"><img decoding=\"async\" data-id=\"73059\" src=\"https:\/\/sibiuindependent.ro\/wp-content\/uploads\/2023\/03\/599ABACF-7DC9-496F-84DF-C2E7F165A0FF.jpg\" alt=\"\" class=\"wp-image-73059\"\/><\/figure>\n\n\n\n<figure class=\"wp-block-image size-large\"><img decoding=\"async\" data-id=\"73054\" src=\"https:\/\/sibiuindependent.ro\/wp-content\/uploads\/2023\/03\/14068F4F-5B5A-48E9-B162-208803C744FE.jpg\" alt=\"\" class=\"wp-image-73054\"\/><\/figure>\n\n\n\n<figure class=\"wp-block-image size-large\"><img decoding=\"async\" data-id=\"73055\" src=\"https:\/\/sibiuindependent.ro\/wp-content\/uploads\/2023\/03\/8A58DBCD-5F1D-4405-A42A-CFBCDE1A12A2.jpg\" alt=\"\" class=\"wp-image-73055\"\/><\/figure>\n\n\n\n<figure class=\"wp-block-image size-large\"><img decoding=\"async\" data-id=\"73056\" src=\"https:\/\/sibiuindependent.ro\/wp-content\/uploads\/2023\/03\/33CB33A6-A021-43AA-9C31-B82014BEB849.jpg\" alt=\"\" class=\"wp-image-73056\"\/><\/figure>\n\n\n\n<figure class=\"wp-block-image size-large\"><img decoding=\"async\" data-id=\"73060\" src=\"https:\/\/sibiuindependent.ro\/wp-content\/uploads\/2023\/03\/A033AD42-2410-436E-8ABA-56BDAC2D3463.jpg\" alt=\"\" class=\"wp-image-73060\"\/><\/figure>\n\n\n\n<figure class=\"wp-block-image size-large\"><img decoding=\"async\" data-id=\"73058\" src=\"https:\/\/sibiuindependent.ro\/wp-content\/uploads\/2023\/03\/C59BBBB3-2058-4749-B05A-8C1723D21D72.jpg\" alt=\"\" class=\"wp-image-73058\"\/><\/figure>\n<\/figure>\n\n\n\n<p>\u201cAdres\u0103m mul\u021bumiri tuturor celor care au sus\u021binut acest spectacol de muzic\u0103 u\u0219oar\u0103, dans modern, balet \u0219i joc popular, \u0219i anume: Grupul Motto, Forma\u021bia Dinamic, Virgil Suciu, Clubul Copiilor, \u0218coala de Balet \u201eVeronica\u201c, Clubul de dans sportiv \u201eMagic of the Dance\u201c, Ansamblul folcloric \u201eMuguri de pe T\u00e2rnave\u201c.<\/p>\n\n\n\n<p>Ur\u0103m \u201eLa mul\u021bi ani\u201c tuturor doamnelor \u0219i domni\u0219oarelor \u0219i le invit\u0103m s\u0103 participe \u0219i la urm\u0103toarele manifest\u0103ri\u201d &#8211; au transmis reprezentan\u021bii Prim\u0103riei Municipiului Media\u0219.&nbsp;<\/p>\n","protected":false},"excerpt":{"rendered":"<p>Direc&#539;ia pentru Cultur&#259; din cadrul Prim&#259;riei Media&#537; a organizat &icirc;n acest sf&acirc;r&#537;it de s&#259;pt&#259;m&acirc;n&#259; spectacolul &bdquo;Un dar de ziua ta&ldquo;,<\/p>\n","protected":false},"author":2,"featured_media":73059,"comment_status":"open","ping_status":"open","sticky":false,"template":"","format":"standard","meta":{"colormag_page_container_layout":"default_layout","colormag_page_sidebar_layout":"default_layout","_exactmetrics_skip_tracking":false,"_exactmetrics_sitenote_active":false,"_exactmetrics_sitenote_note":"","_exactmetrics_sitenote_category":0,"footnotes":""},"categories":[10,5],"tags":[147,63],"class_list":["post-73053","post","type-post","status-publish","format-standard","has-post-thumbnail","hentry","category-cultura","category-medias","tag-medias-independent","tag-stiri-medias"],"yoast_head":"<!-- This site is optimized with the Yoast SEO plugin v27.5 - https:\/\/yoast.com\/product\/yoast-seo-wordpress\/ -->\n<title>Spectacol dedicat Zilei Mamei la Media\u0219 -<\/title>\n<meta name=\"robots\" content=\"index, follow, max-snippet:-1, max-image-preview:large, max-video-preview:-1\" \/>\n<link rel=\"canonical\" href=\"https:\/\/mediasindependent.ro\/?p=73053\" \/>\n<meta property=\"og:locale\" content=\"ro_RO\" \/>\n<meta property=\"og:type\" content=\"article\" \/>\n<meta property=\"og:title\" content=\"Spectacol dedicat Zilei Mamei la Media\u0219 -\" \/>\n<meta property=\"og:description\" content=\"Direc&#539;ia pentru Cultur&#259; din cadrul Prim&#259;riei Media&#537; a organizat &icirc;n acest sf&acirc;r&#537;it de s&#259;pt&#259;m&acirc;n&#259; spectacolul &bdquo;Un dar de ziua ta&ldquo;,\" \/>\n<meta property=\"og:url\" content=\"https:\/\/mediasindependent.ro\/?p=73053\" \/>\n<meta property=\"article:publisher\" content=\"https:\/\/www.facebook.com\/mediasindependent\" \/>\n<meta property=\"article:published_time\" content=\"2023-03-06T13:29:45+00:00\" \/>\n<meta property=\"article:modified_time\" content=\"2023-03-06T13:30:06+00:00\" \/>\n<meta property=\"og:image\" content=\"https:\/\/mediasindependent.ro\/wp-content\/uploads\/2023\/03\/599ABACF-7DC9-496F-84DF-C2E7F165A0FF.jpeg\" \/>\n\t<meta property=\"og:image:width\" content=\"1024\" \/>\n\t<meta property=\"og:image:height\" content=\"682\" \/>\n\t<meta property=\"og:image:type\" content=\"image\/jpeg\" \/>\n<meta name=\"author\" content=\"Rebecca Maria\" \/>\n<meta name=\"twitter:card\" content=\"summary_large_image\" \/>\n<meta name=\"twitter:label1\" content=\"Scris de\" \/>\n\t<meta name=\"twitter:data1\" content=\"Rebecca Maria\" \/>\n\t<meta name=\"twitter:label2\" content=\"Timp estimat pentru citire\" \/>\n\t<meta name=\"twitter:data2\" content=\"3 minute\" \/>\n<script type=\"application\/ld+json\" class=\"yoast-schema-graph\">{\"@context\":\"https:\\\/\\\/schema.org\",\"@graph\":[{\"@type\":\"Article\",\"@id\":\"https:\\\/\\\/mediasindependent.ro\\\/?p=73053#article\",\"isPartOf\":{\"@id\":\"https:\\\/\\\/mediasindependent.ro\\\/?p=73053\"},\"author\":{\"name\":\"Rebecca Maria\",\"@id\":\"https:\\\/\\\/mediasindependent.ro\\\/#\\\/schema\\\/person\\\/dd94f3c4e6e272558fc308861ffcf28a\"},\"headline\":\"Spectacol dedicat Zilei Mamei la Media\u0219\",\"datePublished\":\"2023-03-06T13:29:45+00:00\",\"dateModified\":\"2023-03-06T13:30:06+00:00\",\"mainEntityOfPage\":{\"@id\":\"https:\\\/\\\/mediasindependent.ro\\\/?p=73053\"},\"wordCount\":164,\"commentCount\":0,\"publisher\":{\"@id\":\"https:\\\/\\\/mediasindependent.ro\\\/#organization\"},\"image\":{\"@id\":\"https:\\\/\\\/mediasindependent.ro\\\/?p=73053#primaryimage\"},\"thumbnailUrl\":\"https:\\\/\\\/mediasindependent.ro\\\/wp-content\\\/uploads\\\/2023\\\/03\\\/599ABACF-7DC9-496F-84DF-C2E7F165A0FF.jpeg\",\"keywords\":[\"Media\u0219 independent\",\"stiri Medias\"],\"articleSection\":[\"Cultur\u0103\",\"Media\u015f\"],\"inLanguage\":\"ro-RO\",\"potentialAction\":[{\"@type\":\"CommentAction\",\"name\":\"Comment\",\"target\":[\"https:\\\/\\\/mediasindependent.ro\\\/?p=73053#respond\"]}]},{\"@type\":\"WebPage\",\"@id\":\"https:\\\/\\\/mediasindependent.ro\\\/?p=73053\",\"url\":\"https:\\\/\\\/mediasindependent.ro\\\/?p=73053\",\"name\":\"Spectacol dedicat Zilei Mamei la Media\u0219 -\",\"isPartOf\":{\"@id\":\"https:\\\/\\\/mediasindependent.ro\\\/#website\"},\"primaryImageOfPage\":{\"@id\":\"https:\\\/\\\/mediasindependent.ro\\\/?p=73053#primaryimage\"},\"image\":{\"@id\":\"https:\\\/\\\/mediasindependent.ro\\\/?p=73053#primaryimage\"},\"thumbnailUrl\":\"https:\\\/\\\/mediasindependent.ro\\\/wp-content\\\/uploads\\\/2023\\\/03\\\/599ABACF-7DC9-496F-84DF-C2E7F165A0FF.jpeg\",\"datePublished\":\"2023-03-06T13:29:45+00:00\",\"dateModified\":\"2023-03-06T13:30:06+00:00\",\"breadcrumb\":{\"@id\":\"https:\\\/\\\/mediasindependent.ro\\\/?p=73053#breadcrumb\"},\"inLanguage\":\"ro-RO\",\"potentialAction\":[{\"@type\":\"ReadAction\",\"target\":[\"https:\\\/\\\/mediasindependent.ro\\\/?p=73053\"]}]},{\"@type\":\"ImageObject\",\"inLanguage\":\"ro-RO\",\"@id\":\"https:\\\/\\\/mediasindependent.ro\\\/?p=73053#primaryimage\",\"url\":\"https:\\\/\\\/mediasindependent.ro\\\/wp-content\\\/uploads\\\/2023\\\/03\\\/599ABACF-7DC9-496F-84DF-C2E7F165A0FF.jpeg\",\"contentUrl\":\"https:\\\/\\\/mediasindependent.ro\\\/wp-content\\\/uploads\\\/2023\\\/03\\\/599ABACF-7DC9-496F-84DF-C2E7F165A0FF.jpeg\",\"width\":1024,\"height\":682},{\"@type\":\"BreadcrumbList\",\"@id\":\"https:\\\/\\\/mediasindependent.ro\\\/?p=73053#breadcrumb\",\"itemListElement\":[{\"@type\":\"ListItem\",\"position\":1,\"name\":\"Prima pagin\u0103\",\"item\":\"https:\\\/\\\/mediasindependent.ro\\\/\"},{\"@type\":\"ListItem\",\"position\":2,\"name\":\"Spectacol dedicat Zilei Mamei la Media\u0219\"}]},{\"@type\":\"WebSite\",\"@id\":\"https:\\\/\\\/mediasindependent.ro\\\/#website\",\"url\":\"https:\\\/\\\/mediasindependent.ro\\\/\",\"name\":\"Media\u0219 Independent\",\"description\":\"Ziarul Media\u015fului \u015fi nordului jude\u0163ului Sibiu\",\"publisher\":{\"@id\":\"https:\\\/\\\/mediasindependent.ro\\\/#organization\"},\"potentialAction\":[{\"@type\":\"SearchAction\",\"target\":{\"@type\":\"EntryPoint\",\"urlTemplate\":\"https:\\\/\\\/mediasindependent.ro\\\/?s={search_term_string}\"},\"query-input\":{\"@type\":\"PropertyValueSpecification\",\"valueRequired\":true,\"valueName\":\"search_term_string\"}}],\"inLanguage\":\"ro-RO\"},{\"@type\":\"Organization\",\"@id\":\"https:\\\/\\\/mediasindependent.ro\\\/#organization\",\"name\":\"Medias Independent\",\"url\":\"https:\\\/\\\/mediasindependent.ro\\\/\",\"logo\":{\"@type\":\"ImageObject\",\"inLanguage\":\"ro-RO\",\"@id\":\"https:\\\/\\\/mediasindependent.ro\\\/#\\\/schema\\\/logo\\\/image\\\/\",\"url\":\"https:\\\/\\\/mediasindependent.ro\\\/wp-content\\\/uploads\\\/2021\\\/02\\\/Medias-banner.jpg\",\"contentUrl\":\"https:\\\/\\\/mediasindependent.ro\\\/wp-content\\\/uploads\\\/2021\\\/02\\\/Medias-banner.jpg\",\"width\":1920,\"height\":579,\"caption\":\"Medias Independent\"},\"image\":{\"@id\":\"https:\\\/\\\/mediasindependent.ro\\\/#\\\/schema\\\/logo\\\/image\\\/\"},\"sameAs\":[\"https:\\\/\\\/www.facebook.com\\\/mediasindependent\"]},{\"@type\":\"Person\",\"@id\":\"https:\\\/\\\/mediasindependent.ro\\\/#\\\/schema\\\/person\\\/dd94f3c4e6e272558fc308861ffcf28a\",\"name\":\"Rebecca Maria\",\"url\":\"https:\\\/\\\/mediasindependent.ro\\\/?author=2\"}]}<\/script>\n<!-- \/ Yoast SEO plugin. -->","yoast_head_json":{"title":"Spectacol dedicat Zilei Mamei la Media\u0219 -","robots":{"index":"index","follow":"follow","max-snippet":"max-snippet:-1","max-image-preview":"max-image-preview:large","max-video-preview":"max-video-preview:-1"},"canonical":"https:\/\/mediasindependent.ro\/?p=73053","og_locale":"ro_RO","og_type":"article","og_title":"Spectacol dedicat Zilei Mamei la Media\u0219 -","og_description":"Direc&#539;ia pentru Cultur&#259; din cadrul Prim&#259;riei Media&#537; a organizat &icirc;n acest sf&acirc;r&#537;it de s&#259;pt&#259;m&acirc;n&#259; spectacolul &bdquo;Un dar de ziua ta&ldquo;,","og_url":"https:\/\/mediasindependent.ro\/?p=73053","article_publisher":"https:\/\/www.facebook.com\/mediasindependent","article_published_time":"2023-03-06T13:29:45+00:00","article_modified_time":"2023-03-06T13:30:06+00:00","og_image":[{"width":1024,"height":682,"url":"https:\/\/mediasindependent.ro\/wp-content\/uploads\/2023\/03\/599ABACF-7DC9-496F-84DF-C2E7F165A0FF.jpeg","type":"image\/jpeg"}],"author":"Rebecca Maria","twitter_card":"summary_large_image","twitter_misc":{"Scris de":"Rebecca Maria","Timp estimat pentru citire":"3 minute"},"schema":{"@context":"https:\/\/schema.org","@graph":[{"@type":"Article","@id":"https:\/\/mediasindependent.ro\/?p=73053#article","isPartOf":{"@id":"https:\/\/mediasindependent.ro\/?p=73053"},"author":{"name":"Rebecca Maria","@id":"https:\/\/mediasindependent.ro\/#\/schema\/person\/dd94f3c4e6e272558fc308861ffcf28a"},"headline":"Spectacol dedicat Zilei Mamei la Media\u0219","datePublished":"2023-03-06T13:29:45+00:00","dateModified":"2023-03-06T13:30:06+00:00","mainEntityOfPage":{"@id":"https:\/\/mediasindependent.ro\/?p=73053"},"wordCount":164,"commentCount":0,"publisher":{"@id":"https:\/\/mediasindependent.ro\/#organization"},"image":{"@id":"https:\/\/mediasindependent.ro\/?p=73053#primaryimage"},"thumbnailUrl":"https:\/\/mediasindependent.ro\/wp-content\/uploads\/2023\/03\/599ABACF-7DC9-496F-84DF-C2E7F165A0FF.jpeg","keywords":["Media\u0219 independent","stiri Medias"],"articleSection":["Cultur\u0103","Media\u015f"],"inLanguage":"ro-RO","potentialAction":[{"@type":"CommentAction","name":"Comment","target":["https:\/\/mediasindependent.ro\/?p=73053#respond"]}]},{"@type":"WebPage","@id":"https:\/\/mediasindependent.ro\/?p=73053","url":"https:\/\/mediasindependent.ro\/?p=73053","name":"Spectacol dedicat Zilei Mamei la Media\u0219 -","isPartOf":{"@id":"https:\/\/mediasindependent.ro\/#website"},"primaryImageOfPage":{"@id":"https:\/\/mediasindependent.ro\/?p=73053#primaryimage"},"image":{"@id":"https:\/\/mediasindependent.ro\/?p=73053#primaryimage"},"thumbnailUrl":"https:\/\/mediasindependent.ro\/wp-content\/uploads\/2023\/03\/599ABACF-7DC9-496F-84DF-C2E7F165A0FF.jpeg","datePublished":"2023-03-06T13:29:45+00:00","dateModified":"2023-03-06T13:30:06+00:00","breadcrumb":{"@id":"https:\/\/mediasindependent.ro\/?p=73053#breadcrumb"},"inLanguage":"ro-RO","potentialAction":[{"@type":"ReadAction","target":["https:\/\/mediasindependent.ro\/?p=73053"]}]},{"@type":"ImageObject","inLanguage":"ro-RO","@id":"https:\/\/mediasindependent.ro\/?p=73053#primaryimage","url":"https:\/\/mediasindependent.ro\/wp-content\/uploads\/2023\/03\/599ABACF-7DC9-496F-84DF-C2E7F165A0FF.jpeg","contentUrl":"https:\/\/mediasindependent.ro\/wp-content\/uploads\/2023\/03\/599ABACF-7DC9-496F-84DF-C2E7F165A0FF.jpeg","width":1024,"height":682},{"@type":"BreadcrumbList","@id":"https:\/\/mediasindependent.ro\/?p=73053#breadcrumb","itemListElement":[{"@type":"ListItem","position":1,"name":"Prima pagin\u0103","item":"https:\/\/mediasindependent.ro\/"},{"@type":"ListItem","position":2,"name":"Spectacol dedicat Zilei Mamei la Media\u0219"}]},{"@type":"WebSite","@id":"https:\/\/mediasindependent.ro\/#website","url":"https:\/\/mediasindependent.ro\/","name":"Media\u0219 Independent","description":"Ziarul Media\u015fului \u015fi nordului jude\u0163ului Sibiu","publisher":{"@id":"https:\/\/mediasindependent.ro\/#organization"},"potentialAction":[{"@type":"SearchAction","target":{"@type":"EntryPoint","urlTemplate":"https:\/\/mediasindependent.ro\/?s={search_term_string}"},"query-input":{"@type":"PropertyValueSpecification","valueRequired":true,"valueName":"search_term_string"}}],"inLanguage":"ro-RO"},{"@type":"Organization","@id":"https:\/\/mediasindependent.ro\/#organization","name":"Medias Independent","url":"https:\/\/mediasindependent.ro\/","logo":{"@type":"ImageObject","inLanguage":"ro-RO","@id":"https:\/\/mediasindependent.ro\/#\/schema\/logo\/image\/","url":"https:\/\/mediasindependent.ro\/wp-content\/uploads\/2021\/02\/Medias-banner.jpg","contentUrl":"https:\/\/mediasindependent.ro\/wp-content\/uploads\/2021\/02\/Medias-banner.jpg","width":1920,"height":579,"caption":"Medias Independent"},"image":{"@id":"https:\/\/mediasindependent.ro\/#\/schema\/logo\/image\/"},"sameAs":["https:\/\/www.facebook.com\/mediasindependent"]},{"@type":"Person","@id":"https:\/\/mediasindependent.ro\/#\/schema\/person\/dd94f3c4e6e272558fc308861ffcf28a","name":"Rebecca Maria","url":"https:\/\/mediasindependent.ro\/?author=2"}]}},"jetpack_featured_media_url":"https:\/\/mediasindependent.ro\/wp-content\/uploads\/2023\/03\/599ABACF-7DC9-496F-84DF-C2E7F165A0FF.jpeg","_links":{"self":[{"href":"https:\/\/mediasindependent.ro\/index.php?rest_route=\/wp\/v2\/posts\/73053","targetHints":{"allow":["GET"]}}],"collection":[{"href":"https:\/\/mediasindependent.ro\/index.php?rest_route=\/wp\/v2\/posts"}],"about":[{"href":"https:\/\/mediasindependent.ro\/index.php?rest_route=\/wp\/v2\/types\/post"}],"author":[{"embeddable":true,"href":"https:\/\/mediasindependent.ro\/index.php?rest_route=\/wp\/v2\/users\/2"}],"replies":[{"embeddable":true,"href":"https:\/\/mediasindependent.ro\/index.php?rest_route=%2Fwp%2Fv2%2Fcomments&post=73053"}],"version-history":[{"count":1,"href":"https:\/\/mediasindependent.ro\/index.php?rest_route=\/wp\/v2\/posts\/73053\/revisions"}],"predecessor-version":[{"id":73070,"href":"https:\/\/mediasindependent.ro\/index.php?rest_route=\/wp\/v2\/posts\/73053\/revisions\/73070"}],"wp:featuredmedia":[{"embeddable":true,"href":"https:\/\/mediasindependent.ro\/index.php?rest_route=\/wp\/v2\/media\/73059"}],"wp:attachment":[{"href":"https:\/\/mediasindependent.ro\/index.php?rest_route=%2Fwp%2Fv2%2Fmedia&parent=73053"}],"wp:term":[{"taxonomy":"category","embeddable":true,"href":"https:\/\/mediasindependent.ro\/index.php?rest_route=%2Fwp%2Fv2%2Fcategories&post=73053"},{"taxonomy":"post_tag","embeddable":true,"href":"https:\/\/mediasindependent.ro\/index.php?rest_route=%2Fwp%2Fv2%2Ftags&post=73053"}],"curies":[{"name":"wp","href":"https:\/\/api.w.org\/{rel}","templated":true}]}}