{"id":71719,"date":"2022-06-05T13:12:59","date_gmt":"2022-06-05T13:12:59","guid":{"rendered":"https:\/\/mediasindependent.ro\/?p=71719"},"modified":"2022-06-05T13:13:27","modified_gmt":"2022-06-05T13:13:27","slug":"final-fericit-pentru-un-catel-cazut-in-raul-tarnava-a-fost-deja-adoptat","status":"publish","type":"post","link":"https:\/\/mediasindependent.ro\/?p=71719","title":{"rendered":"Final fericit pentru un c\u0103\u021bel c\u0103zut \u00een r\u00e2ul T\u00e2rnava. A fost deja adoptat"},"content":{"rendered":"\n<p><strong>Un c\u0103\u021bel captiv \u00een apele r\u00e2ului T\u00e2rnava, de pe raza jude\u021bului Sibiu, a fost z\u0103rit \u00een aceast\u0103 diminea\u021b\u0103, de un om cu suflet mare. Acesta a sunat la 112 \u0219i a cerut ajutorul pompierilor ISU, din cadrul Deta\u0219amentului Media\u0219.<\/strong><\/p>\n\n\n\n<p>Cu promptitudine, ca de fiecare dat\u0103, pompierii militari s-au mobilizat \u0219i au intervenit cu o autospecial\u0103 de descarcerare \u0219i o barc\u0103 pneumatic\u0103, \u0219i astfel l-au f\u0103cut pe c\u0103\u021belu\u0219 s\u0103 dep\u0103\u0219easc\u0103 frica ce l-a cuprins v\u0103z\u00e2nd-se blocat \u00een apele tulburi ale T\u00e2rnavei.<\/p>\n\n\n\n<p>Nu doar c\u0103 s-a oprit din pl\u00e2ns, dar de acum, va avea \u0219i un st\u0103p\u00e2n, care \u00eel va hr\u0103ni, \u00eel va \u00eengriji \u0219i cu care se va plimba!<\/p>\n\n\n\n<figure class=\"wp-block-image size-large\"><img loading=\"lazy\" decoding=\"async\" width=\"800\" height=\"564\" src=\"https:\/\/sibiuindependent.ro\/wp-content\/uploads\/2022\/06\/img_5731-1.jpg\" alt=\"\" class=\"wp-image-71718\" srcset=\"https:\/\/mediasindependent.ro\/wp-content\/uploads\/2022\/06\/img_5731-1.jpg 800w, https:\/\/mediasindependent.ro\/wp-content\/uploads\/2022\/06\/img_5731-1-300x212.jpg 300w, https:\/\/mediasindependent.ro\/wp-content\/uploads\/2022\/06\/img_5731-1-768x541.jpg 768w\" sizes=\"auto, (max-width: 800px) 100vw, 800px\" \/><\/figure>\n\n\n\n<figure class=\"wp-block-image size-large\"><img loading=\"lazy\" decoding=\"async\" width=\"767\" height=\"413\" src=\"https:\/\/sibiuindependent.ro\/wp-content\/uploads\/2022\/06\/img_5733-1.jpg\" alt=\"\" class=\"wp-image-71717\" srcset=\"https:\/\/mediasindependent.ro\/wp-content\/uploads\/2022\/06\/img_5733-1.jpg 767w, https:\/\/mediasindependent.ro\/wp-content\/uploads\/2022\/06\/img_5733-1-300x162.jpg 300w\" sizes=\"auto, (max-width: 767px) 100vw, 767px\" \/><\/figure>\n","protected":false},"excerpt":{"rendered":"<p>Un c&#259;&#539;el captiv &icirc;n apele r&acirc;ului T&acirc;rnava, de pe raza jude&#539;ului Sibiu, a fost z&#259;rit &icirc;n aceast&#259; diminea&#539;&#259;, de un<\/p>\n","protected":false},"author":3,"featured_media":71717,"comment_status":"open","ping_status":"open","sticky":false,"template":"","format":"standard","meta":{"colormag_page_container_layout":"default_layout","colormag_page_sidebar_layout":"default_layout","_exactmetrics_skip_tracking":false,"_exactmetrics_sitenote_active":false,"_exactmetrics_sitenote_note":"","_exactmetrics_sitenote_category":0,"footnotes":""},"categories":[4],"tags":[],"class_list":["post-71719","post","type-post","status-publish","format-standard","has-post-thumbnail","hentry","category-actualitate"],"yoast_head":"<!-- This site is optimized with the Yoast SEO plugin v27.4 - https:\/\/yoast.com\/product\/yoast-seo-wordpress\/ -->\n<title>Final fericit pentru un c\u0103\u021bel c\u0103zut \u00een r\u00e2ul T\u00e2rnava. A fost deja adoptat -<\/title>\n<meta name=\"robots\" content=\"index, follow, max-snippet:-1, max-image-preview:large, max-video-preview:-1\" \/>\n<link rel=\"canonical\" href=\"https:\/\/mediasindependent.ro\/?p=71719\" \/>\n<meta property=\"og:locale\" content=\"ro_RO\" \/>\n<meta property=\"og:type\" content=\"article\" \/>\n<meta property=\"og:title\" content=\"Final fericit pentru un c\u0103\u021bel c\u0103zut \u00een r\u00e2ul T\u00e2rnava. A fost deja adoptat -\" \/>\n<meta property=\"og:description\" content=\"Un c&#259;&#539;el captiv &icirc;n apele r&acirc;ului T&acirc;rnava, de pe raza jude&#539;ului Sibiu, a fost z&#259;rit &icirc;n aceast&#259; diminea&#539;&#259;, de un\" \/>\n<meta property=\"og:url\" content=\"https:\/\/mediasindependent.ro\/?p=71719\" \/>\n<meta property=\"article:publisher\" content=\"https:\/\/www.facebook.com\/mediasindependent\" \/>\n<meta property=\"article:published_time\" content=\"2022-06-05T13:12:59+00:00\" \/>\n<meta property=\"article:modified_time\" content=\"2022-06-05T13:13:27+00:00\" \/>\n<meta property=\"og:image\" content=\"https:\/\/mediasindependent.ro\/wp-content\/uploads\/2022\/06\/img_5733-1.jpg\" \/>\n\t<meta property=\"og:image:width\" content=\"767\" \/>\n\t<meta property=\"og:image:height\" content=\"413\" \/>\n\t<meta property=\"og:image:type\" content=\"image\/jpeg\" \/>\n<meta name=\"author\" content=\"Dan Claudiu Buzdugan\" \/>\n<meta name=\"twitter:card\" content=\"summary_large_image\" \/>\n<meta name=\"twitter:label1\" content=\"Scris de\" \/>\n\t<meta name=\"twitter:data1\" content=\"Dan Claudiu Buzdugan\" \/>\n\t<meta name=\"twitter:label2\" content=\"Timp estimat pentru citire\" \/>\n\t<meta name=\"twitter:data2\" content=\"1 minut\" \/>\n<script type=\"application\/ld+json\" class=\"yoast-schema-graph\">{\"@context\":\"https:\\\/\\\/schema.org\",\"@graph\":[{\"@type\":\"Article\",\"@id\":\"https:\\\/\\\/mediasindependent.ro\\\/?p=71719#article\",\"isPartOf\":{\"@id\":\"https:\\\/\\\/mediasindependent.ro\\\/?p=71719\"},\"author\":{\"name\":\"Dan Claudiu Buzdugan\",\"@id\":\"https:\\\/\\\/mediasindependent.ro\\\/#\\\/schema\\\/person\\\/62712085a0c1965549cf79987a0adf32\"},\"headline\":\"Final fericit pentru un c\u0103\u021bel c\u0103zut \u00een r\u00e2ul T\u00e2rnava. A fost deja adoptat\",\"datePublished\":\"2022-06-05T13:12:59+00:00\",\"dateModified\":\"2022-06-05T13:13:27+00:00\",\"mainEntityOfPage\":{\"@id\":\"https:\\\/\\\/mediasindependent.ro\\\/?p=71719\"},\"wordCount\":140,\"commentCount\":0,\"publisher\":{\"@id\":\"https:\\\/\\\/mediasindependent.ro\\\/#organization\"},\"image\":{\"@id\":\"https:\\\/\\\/mediasindependent.ro\\\/?p=71719#primaryimage\"},\"thumbnailUrl\":\"https:\\\/\\\/mediasindependent.ro\\\/wp-content\\\/uploads\\\/2022\\\/06\\\/img_5733-1.jpg\",\"articleSection\":[\"Actualitate\"],\"inLanguage\":\"ro-RO\",\"potentialAction\":[{\"@type\":\"CommentAction\",\"name\":\"Comment\",\"target\":[\"https:\\\/\\\/mediasindependent.ro\\\/?p=71719#respond\"]}]},{\"@type\":\"WebPage\",\"@id\":\"https:\\\/\\\/mediasindependent.ro\\\/?p=71719\",\"url\":\"https:\\\/\\\/mediasindependent.ro\\\/?p=71719\",\"name\":\"Final fericit pentru un c\u0103\u021bel c\u0103zut \u00een r\u00e2ul T\u00e2rnava. A fost deja adoptat -\",\"isPartOf\":{\"@id\":\"https:\\\/\\\/mediasindependent.ro\\\/#website\"},\"primaryImageOfPage\":{\"@id\":\"https:\\\/\\\/mediasindependent.ro\\\/?p=71719#primaryimage\"},\"image\":{\"@id\":\"https:\\\/\\\/mediasindependent.ro\\\/?p=71719#primaryimage\"},\"thumbnailUrl\":\"https:\\\/\\\/mediasindependent.ro\\\/wp-content\\\/uploads\\\/2022\\\/06\\\/img_5733-1.jpg\",\"datePublished\":\"2022-06-05T13:12:59+00:00\",\"dateModified\":\"2022-06-05T13:13:27+00:00\",\"breadcrumb\":{\"@id\":\"https:\\\/\\\/mediasindependent.ro\\\/?p=71719#breadcrumb\"},\"inLanguage\":\"ro-RO\",\"potentialAction\":[{\"@type\":\"ReadAction\",\"target\":[\"https:\\\/\\\/mediasindependent.ro\\\/?p=71719\"]}]},{\"@type\":\"ImageObject\",\"inLanguage\":\"ro-RO\",\"@id\":\"https:\\\/\\\/mediasindependent.ro\\\/?p=71719#primaryimage\",\"url\":\"https:\\\/\\\/mediasindependent.ro\\\/wp-content\\\/uploads\\\/2022\\\/06\\\/img_5733-1.jpg\",\"contentUrl\":\"https:\\\/\\\/mediasindependent.ro\\\/wp-content\\\/uploads\\\/2022\\\/06\\\/img_5733-1.jpg\",\"width\":767,\"height\":413},{\"@type\":\"BreadcrumbList\",\"@id\":\"https:\\\/\\\/mediasindependent.ro\\\/?p=71719#breadcrumb\",\"itemListElement\":[{\"@type\":\"ListItem\",\"position\":1,\"name\":\"Prima pagin\u0103\",\"item\":\"https:\\\/\\\/mediasindependent.ro\\\/\"},{\"@type\":\"ListItem\",\"position\":2,\"name\":\"Final fericit pentru un c\u0103\u021bel c\u0103zut \u00een r\u00e2ul T\u00e2rnava. A fost deja adoptat\"}]},{\"@type\":\"WebSite\",\"@id\":\"https:\\\/\\\/mediasindependent.ro\\\/#website\",\"url\":\"https:\\\/\\\/mediasindependent.ro\\\/\",\"name\":\"Media\u0219 Independent\",\"description\":\"Ziarul Media\u015fului \u015fi nordului jude\u0163ului Sibiu\",\"publisher\":{\"@id\":\"https:\\\/\\\/mediasindependent.ro\\\/#organization\"},\"potentialAction\":[{\"@type\":\"SearchAction\",\"target\":{\"@type\":\"EntryPoint\",\"urlTemplate\":\"https:\\\/\\\/mediasindependent.ro\\\/?s={search_term_string}\"},\"query-input\":{\"@type\":\"PropertyValueSpecification\",\"valueRequired\":true,\"valueName\":\"search_term_string\"}}],\"inLanguage\":\"ro-RO\"},{\"@type\":\"Organization\",\"@id\":\"https:\\\/\\\/mediasindependent.ro\\\/#organization\",\"name\":\"Medias Independent\",\"url\":\"https:\\\/\\\/mediasindependent.ro\\\/\",\"logo\":{\"@type\":\"ImageObject\",\"inLanguage\":\"ro-RO\",\"@id\":\"https:\\\/\\\/mediasindependent.ro\\\/#\\\/schema\\\/logo\\\/image\\\/\",\"url\":\"https:\\\/\\\/mediasindependent.ro\\\/wp-content\\\/uploads\\\/2021\\\/02\\\/Medias-banner.jpg\",\"contentUrl\":\"https:\\\/\\\/mediasindependent.ro\\\/wp-content\\\/uploads\\\/2021\\\/02\\\/Medias-banner.jpg\",\"width\":1920,\"height\":579,\"caption\":\"Medias Independent\"},\"image\":{\"@id\":\"https:\\\/\\\/mediasindependent.ro\\\/#\\\/schema\\\/logo\\\/image\\\/\"},\"sameAs\":[\"https:\\\/\\\/www.facebook.com\\\/mediasindependent\"]},{\"@type\":\"Person\",\"@id\":\"https:\\\/\\\/mediasindependent.ro\\\/#\\\/schema\\\/person\\\/62712085a0c1965549cf79987a0adf32\",\"name\":\"Dan Claudiu Buzdugan\",\"url\":\"https:\\\/\\\/mediasindependent.ro\\\/?author=3\"}]}<\/script>\n<!-- \/ Yoast SEO plugin. -->","yoast_head_json":{"title":"Final fericit pentru un c\u0103\u021bel c\u0103zut \u00een r\u00e2ul T\u00e2rnava. A fost deja adoptat -","robots":{"index":"index","follow":"follow","max-snippet":"max-snippet:-1","max-image-preview":"max-image-preview:large","max-video-preview":"max-video-preview:-1"},"canonical":"https:\/\/mediasindependent.ro\/?p=71719","og_locale":"ro_RO","og_type":"article","og_title":"Final fericit pentru un c\u0103\u021bel c\u0103zut \u00een r\u00e2ul T\u00e2rnava. A fost deja adoptat -","og_description":"Un c&#259;&#539;el captiv &icirc;n apele r&acirc;ului T&acirc;rnava, de pe raza jude&#539;ului Sibiu, a fost z&#259;rit &icirc;n aceast&#259; diminea&#539;&#259;, de un","og_url":"https:\/\/mediasindependent.ro\/?p=71719","article_publisher":"https:\/\/www.facebook.com\/mediasindependent","article_published_time":"2022-06-05T13:12:59+00:00","article_modified_time":"2022-06-05T13:13:27+00:00","og_image":[{"width":767,"height":413,"url":"https:\/\/mediasindependent.ro\/wp-content\/uploads\/2022\/06\/img_5733-1.jpg","type":"image\/jpeg"}],"author":"Dan Claudiu Buzdugan","twitter_card":"summary_large_image","twitter_misc":{"Scris de":"Dan Claudiu Buzdugan","Timp estimat pentru citire":"1 minut"},"schema":{"@context":"https:\/\/schema.org","@graph":[{"@type":"Article","@id":"https:\/\/mediasindependent.ro\/?p=71719#article","isPartOf":{"@id":"https:\/\/mediasindependent.ro\/?p=71719"},"author":{"name":"Dan Claudiu Buzdugan","@id":"https:\/\/mediasindependent.ro\/#\/schema\/person\/62712085a0c1965549cf79987a0adf32"},"headline":"Final fericit pentru un c\u0103\u021bel c\u0103zut \u00een r\u00e2ul T\u00e2rnava. A fost deja adoptat","datePublished":"2022-06-05T13:12:59+00:00","dateModified":"2022-06-05T13:13:27+00:00","mainEntityOfPage":{"@id":"https:\/\/mediasindependent.ro\/?p=71719"},"wordCount":140,"commentCount":0,"publisher":{"@id":"https:\/\/mediasindependent.ro\/#organization"},"image":{"@id":"https:\/\/mediasindependent.ro\/?p=71719#primaryimage"},"thumbnailUrl":"https:\/\/mediasindependent.ro\/wp-content\/uploads\/2022\/06\/img_5733-1.jpg","articleSection":["Actualitate"],"inLanguage":"ro-RO","potentialAction":[{"@type":"CommentAction","name":"Comment","target":["https:\/\/mediasindependent.ro\/?p=71719#respond"]}]},{"@type":"WebPage","@id":"https:\/\/mediasindependent.ro\/?p=71719","url":"https:\/\/mediasindependent.ro\/?p=71719","name":"Final fericit pentru un c\u0103\u021bel c\u0103zut \u00een r\u00e2ul T\u00e2rnava. A fost deja adoptat -","isPartOf":{"@id":"https:\/\/mediasindependent.ro\/#website"},"primaryImageOfPage":{"@id":"https:\/\/mediasindependent.ro\/?p=71719#primaryimage"},"image":{"@id":"https:\/\/mediasindependent.ro\/?p=71719#primaryimage"},"thumbnailUrl":"https:\/\/mediasindependent.ro\/wp-content\/uploads\/2022\/06\/img_5733-1.jpg","datePublished":"2022-06-05T13:12:59+00:00","dateModified":"2022-06-05T13:13:27+00:00","breadcrumb":{"@id":"https:\/\/mediasindependent.ro\/?p=71719#breadcrumb"},"inLanguage":"ro-RO","potentialAction":[{"@type":"ReadAction","target":["https:\/\/mediasindependent.ro\/?p=71719"]}]},{"@type":"ImageObject","inLanguage":"ro-RO","@id":"https:\/\/mediasindependent.ro\/?p=71719#primaryimage","url":"https:\/\/mediasindependent.ro\/wp-content\/uploads\/2022\/06\/img_5733-1.jpg","contentUrl":"https:\/\/mediasindependent.ro\/wp-content\/uploads\/2022\/06\/img_5733-1.jpg","width":767,"height":413},{"@type":"BreadcrumbList","@id":"https:\/\/mediasindependent.ro\/?p=71719#breadcrumb","itemListElement":[{"@type":"ListItem","position":1,"name":"Prima pagin\u0103","item":"https:\/\/mediasindependent.ro\/"},{"@type":"ListItem","position":2,"name":"Final fericit pentru un c\u0103\u021bel c\u0103zut \u00een r\u00e2ul T\u00e2rnava. A fost deja adoptat"}]},{"@type":"WebSite","@id":"https:\/\/mediasindependent.ro\/#website","url":"https:\/\/mediasindependent.ro\/","name":"Media\u0219 Independent","description":"Ziarul Media\u015fului \u015fi nordului jude\u0163ului Sibiu","publisher":{"@id":"https:\/\/mediasindependent.ro\/#organization"},"potentialAction":[{"@type":"SearchAction","target":{"@type":"EntryPoint","urlTemplate":"https:\/\/mediasindependent.ro\/?s={search_term_string}"},"query-input":{"@type":"PropertyValueSpecification","valueRequired":true,"valueName":"search_term_string"}}],"inLanguage":"ro-RO"},{"@type":"Organization","@id":"https:\/\/mediasindependent.ro\/#organization","name":"Medias Independent","url":"https:\/\/mediasindependent.ro\/","logo":{"@type":"ImageObject","inLanguage":"ro-RO","@id":"https:\/\/mediasindependent.ro\/#\/schema\/logo\/image\/","url":"https:\/\/mediasindependent.ro\/wp-content\/uploads\/2021\/02\/Medias-banner.jpg","contentUrl":"https:\/\/mediasindependent.ro\/wp-content\/uploads\/2021\/02\/Medias-banner.jpg","width":1920,"height":579,"caption":"Medias Independent"},"image":{"@id":"https:\/\/mediasindependent.ro\/#\/schema\/logo\/image\/"},"sameAs":["https:\/\/www.facebook.com\/mediasindependent"]},{"@type":"Person","@id":"https:\/\/mediasindependent.ro\/#\/schema\/person\/62712085a0c1965549cf79987a0adf32","name":"Dan Claudiu Buzdugan","url":"https:\/\/mediasindependent.ro\/?author=3"}]}},"jetpack_featured_media_url":"https:\/\/mediasindependent.ro\/wp-content\/uploads\/2022\/06\/img_5733-1.jpg","_links":{"self":[{"href":"https:\/\/mediasindependent.ro\/index.php?rest_route=\/wp\/v2\/posts\/71719","targetHints":{"allow":["GET"]}}],"collection":[{"href":"https:\/\/mediasindependent.ro\/index.php?rest_route=\/wp\/v2\/posts"}],"about":[{"href":"https:\/\/mediasindependent.ro\/index.php?rest_route=\/wp\/v2\/types\/post"}],"author":[{"embeddable":true,"href":"https:\/\/mediasindependent.ro\/index.php?rest_route=\/wp\/v2\/users\/3"}],"replies":[{"embeddable":true,"href":"https:\/\/mediasindependent.ro\/index.php?rest_route=%2Fwp%2Fv2%2Fcomments&post=71719"}],"version-history":[{"count":2,"href":"https:\/\/mediasindependent.ro\/index.php?rest_route=\/wp\/v2\/posts\/71719\/revisions"}],"predecessor-version":[{"id":71723,"href":"https:\/\/mediasindependent.ro\/index.php?rest_route=\/wp\/v2\/posts\/71719\/revisions\/71723"}],"wp:featuredmedia":[{"embeddable":true,"href":"https:\/\/mediasindependent.ro\/index.php?rest_route=\/wp\/v2\/media\/71717"}],"wp:attachment":[{"href":"https:\/\/mediasindependent.ro\/index.php?rest_route=%2Fwp%2Fv2%2Fmedia&parent=71719"}],"wp:term":[{"taxonomy":"category","embeddable":true,"href":"https:\/\/mediasindependent.ro\/index.php?rest_route=%2Fwp%2Fv2%2Fcategories&post=71719"},{"taxonomy":"post_tag","embeddable":true,"href":"https:\/\/mediasindependent.ro\/index.php?rest_route=%2Fwp%2Fv2%2Ftags&post=71719"}],"curies":[{"name":"wp","href":"https:\/\/api.w.org\/{rel}","templated":true}]}}