{"id":69830,"date":"2021-11-17T09:46:38","date_gmt":"2021-11-17T09:46:38","guid":{"rendered":"https:\/\/mediasindependent.ro\/?p=69830"},"modified":"2021-11-17T09:46:46","modified_gmt":"2021-11-17T09:46:46","slug":"un-sofer-din-judetul-buzau-depistat-conducand-fara-permis-la-medias","status":"publish","type":"post","link":"https:\/\/mediasindependent.ro\/?p=69830","title":{"rendered":"Un \u0219ofer din jude\u021bul Buz\u0103u, depistat conduc\u00e2nd f\u0103r\u0103 permis la Media\u0219"},"content":{"rendered":"\n<p><strong>Poli\u021bi\u0219tii rutieri sibieni sunt zilnic la datorie \u0219i opresc \u00een trafic sute de \u0219oferi pentru a le verifica actele sau dac\u0103 au consumat b\u0103uturi alcoolice \u0219i substan\u021be interzise. <\/strong><br><br>Probleme \u00een trafic au fost g\u0103site si la. Media\u0219, acolo unde \u00een cursul zilei 16 noiembrie, \u00een jurul orei 10:00, poli\u021bi\u0219tii rutieri au oprit pentru control un autoturism condus pe strada \u0218tefan Ludwig Roth de c\u0103tre un b\u0103rbat \u00een v\u00e2rst\u0103 de 35 de ani, din jude\u021bul Buz\u0103u.<br>Din verific\u0103rile efectuate a rezultat faptul c\u0103 dreptul b\u0103rbatului de a conduce autovehicule pe drumurile publice este suspendat.<\/p>\n","protected":false},"excerpt":{"rendered":"<p>Poli&#539;i&#537;tii rutieri sibieni sunt zilnic la datorie &#537;i opresc &icirc;n trafic sute de &#537;oferi pentru a le verifica actele sau<\/p>\n","protected":false},"author":3,"featured_media":69829,"comment_status":"open","ping_status":"open","sticky":false,"template":"","format":"standard","meta":{"colormag_page_container_layout":"default_layout","colormag_page_sidebar_layout":"default_layout","_exactmetrics_skip_tracking":false,"_exactmetrics_sitenote_active":false,"_exactmetrics_sitenote_note":"","_exactmetrics_sitenote_category":0,"footnotes":""},"categories":[4],"tags":[],"class_list":["post-69830","post","type-post","status-publish","format-standard","has-post-thumbnail","hentry","category-actualitate"],"yoast_head":"<!-- This site is optimized with the Yoast SEO plugin v27.4 - https:\/\/yoast.com\/product\/yoast-seo-wordpress\/ -->\n<title>Un \u0219ofer din jude\u021bul Buz\u0103u, depistat conduc\u00e2nd f\u0103r\u0103 permis la Media\u0219 -<\/title>\n<meta name=\"robots\" content=\"index, follow, max-snippet:-1, max-image-preview:large, max-video-preview:-1\" \/>\n<link rel=\"canonical\" href=\"https:\/\/mediasindependent.ro\/?p=69830\" \/>\n<meta property=\"og:locale\" content=\"ro_RO\" \/>\n<meta property=\"og:type\" content=\"article\" \/>\n<meta property=\"og:title\" content=\"Un \u0219ofer din jude\u021bul Buz\u0103u, depistat conduc\u00e2nd f\u0103r\u0103 permis la Media\u0219 -\" \/>\n<meta property=\"og:description\" content=\"Poli&#539;i&#537;tii rutieri sibieni sunt zilnic la datorie &#537;i opresc &icirc;n trafic sute de &#537;oferi pentru a le verifica actele sau\" \/>\n<meta property=\"og:url\" content=\"https:\/\/mediasindependent.ro\/?p=69830\" \/>\n<meta property=\"article:publisher\" content=\"https:\/\/www.facebook.com\/mediasindependent\" \/>\n<meta property=\"article:published_time\" content=\"2021-11-17T09:46:38+00:00\" \/>\n<meta property=\"article:modified_time\" content=\"2021-11-17T09:46:46+00:00\" \/>\n<meta property=\"og:image\" content=\"https:\/\/mediasindependent.ro\/wp-content\/uploads\/2021\/11\/Point-Blur_Nov172021_112300.jpg\" \/>\n\t<meta property=\"og:image:width\" content=\"1599\" \/>\n\t<meta property=\"og:image:height\" content=\"733\" \/>\n\t<meta property=\"og:image:type\" content=\"image\/jpeg\" \/>\n<meta name=\"author\" content=\"Dan Claudiu Buzdugan\" \/>\n<meta name=\"twitter:card\" content=\"summary_large_image\" \/>\n<meta name=\"twitter:label1\" content=\"Scris de\" \/>\n\t<meta name=\"twitter:data1\" content=\"Dan Claudiu Buzdugan\" \/>\n\t<meta name=\"twitter:label2\" content=\"Timp estimat pentru citire\" \/>\n\t<meta name=\"twitter:data2\" content=\"1 minut\" \/>\n<script type=\"application\/ld+json\" class=\"yoast-schema-graph\">{\"@context\":\"https:\\\/\\\/schema.org\",\"@graph\":[{\"@type\":\"Article\",\"@id\":\"https:\\\/\\\/mediasindependent.ro\\\/?p=69830#article\",\"isPartOf\":{\"@id\":\"https:\\\/\\\/mediasindependent.ro\\\/?p=69830\"},\"author\":{\"name\":\"Dan Claudiu Buzdugan\",\"@id\":\"https:\\\/\\\/mediasindependent.ro\\\/#\\\/schema\\\/person\\\/62712085a0c1965549cf79987a0adf32\"},\"headline\":\"Un \u0219ofer din jude\u021bul Buz\u0103u, depistat conduc\u00e2nd f\u0103r\u0103 permis la Media\u0219\",\"datePublished\":\"2021-11-17T09:46:38+00:00\",\"dateModified\":\"2021-11-17T09:46:46+00:00\",\"mainEntityOfPage\":{\"@id\":\"https:\\\/\\\/mediasindependent.ro\\\/?p=69830\"},\"wordCount\":119,\"commentCount\":0,\"publisher\":{\"@id\":\"https:\\\/\\\/mediasindependent.ro\\\/#organization\"},\"image\":{\"@id\":\"https:\\\/\\\/mediasindependent.ro\\\/?p=69830#primaryimage\"},\"thumbnailUrl\":\"https:\\\/\\\/mediasindependent.ro\\\/wp-content\\\/uploads\\\/2021\\\/11\\\/Point-Blur_Nov172021_112300.jpg\",\"articleSection\":[\"Actualitate\"],\"inLanguage\":\"ro-RO\",\"potentialAction\":[{\"@type\":\"CommentAction\",\"name\":\"Comment\",\"target\":[\"https:\\\/\\\/mediasindependent.ro\\\/?p=69830#respond\"]}]},{\"@type\":\"WebPage\",\"@id\":\"https:\\\/\\\/mediasindependent.ro\\\/?p=69830\",\"url\":\"https:\\\/\\\/mediasindependent.ro\\\/?p=69830\",\"name\":\"Un \u0219ofer din jude\u021bul Buz\u0103u, depistat conduc\u00e2nd f\u0103r\u0103 permis la Media\u0219 -\",\"isPartOf\":{\"@id\":\"https:\\\/\\\/mediasindependent.ro\\\/#website\"},\"primaryImageOfPage\":{\"@id\":\"https:\\\/\\\/mediasindependent.ro\\\/?p=69830#primaryimage\"},\"image\":{\"@id\":\"https:\\\/\\\/mediasindependent.ro\\\/?p=69830#primaryimage\"},\"thumbnailUrl\":\"https:\\\/\\\/mediasindependent.ro\\\/wp-content\\\/uploads\\\/2021\\\/11\\\/Point-Blur_Nov172021_112300.jpg\",\"datePublished\":\"2021-11-17T09:46:38+00:00\",\"dateModified\":\"2021-11-17T09:46:46+00:00\",\"breadcrumb\":{\"@id\":\"https:\\\/\\\/mediasindependent.ro\\\/?p=69830#breadcrumb\"},\"inLanguage\":\"ro-RO\",\"potentialAction\":[{\"@type\":\"ReadAction\",\"target\":[\"https:\\\/\\\/mediasindependent.ro\\\/?p=69830\"]}]},{\"@type\":\"ImageObject\",\"inLanguage\":\"ro-RO\",\"@id\":\"https:\\\/\\\/mediasindependent.ro\\\/?p=69830#primaryimage\",\"url\":\"https:\\\/\\\/mediasindependent.ro\\\/wp-content\\\/uploads\\\/2021\\\/11\\\/Point-Blur_Nov172021_112300.jpg\",\"contentUrl\":\"https:\\\/\\\/mediasindependent.ro\\\/wp-content\\\/uploads\\\/2021\\\/11\\\/Point-Blur_Nov172021_112300.jpg\",\"width\":1599,\"height\":733},{\"@type\":\"BreadcrumbList\",\"@id\":\"https:\\\/\\\/mediasindependent.ro\\\/?p=69830#breadcrumb\",\"itemListElement\":[{\"@type\":\"ListItem\",\"position\":1,\"name\":\"Prima pagin\u0103\",\"item\":\"https:\\\/\\\/mediasindependent.ro\\\/\"},{\"@type\":\"ListItem\",\"position\":2,\"name\":\"Un \u0219ofer din jude\u021bul Buz\u0103u, depistat conduc\u00e2nd f\u0103r\u0103 permis la Media\u0219\"}]},{\"@type\":\"WebSite\",\"@id\":\"https:\\\/\\\/mediasindependent.ro\\\/#website\",\"url\":\"https:\\\/\\\/mediasindependent.ro\\\/\",\"name\":\"Media\u0219 Independent\",\"description\":\"Ziarul Media\u015fului \u015fi nordului jude\u0163ului Sibiu\",\"publisher\":{\"@id\":\"https:\\\/\\\/mediasindependent.ro\\\/#organization\"},\"potentialAction\":[{\"@type\":\"SearchAction\",\"target\":{\"@type\":\"EntryPoint\",\"urlTemplate\":\"https:\\\/\\\/mediasindependent.ro\\\/?s={search_term_string}\"},\"query-input\":{\"@type\":\"PropertyValueSpecification\",\"valueRequired\":true,\"valueName\":\"search_term_string\"}}],\"inLanguage\":\"ro-RO\"},{\"@type\":\"Organization\",\"@id\":\"https:\\\/\\\/mediasindependent.ro\\\/#organization\",\"name\":\"Medias Independent\",\"url\":\"https:\\\/\\\/mediasindependent.ro\\\/\",\"logo\":{\"@type\":\"ImageObject\",\"inLanguage\":\"ro-RO\",\"@id\":\"https:\\\/\\\/mediasindependent.ro\\\/#\\\/schema\\\/logo\\\/image\\\/\",\"url\":\"https:\\\/\\\/mediasindependent.ro\\\/wp-content\\\/uploads\\\/2021\\\/02\\\/Medias-banner.jpg\",\"contentUrl\":\"https:\\\/\\\/mediasindependent.ro\\\/wp-content\\\/uploads\\\/2021\\\/02\\\/Medias-banner.jpg\",\"width\":1920,\"height\":579,\"caption\":\"Medias Independent\"},\"image\":{\"@id\":\"https:\\\/\\\/mediasindependent.ro\\\/#\\\/schema\\\/logo\\\/image\\\/\"},\"sameAs\":[\"https:\\\/\\\/www.facebook.com\\\/mediasindependent\"]},{\"@type\":\"Person\",\"@id\":\"https:\\\/\\\/mediasindependent.ro\\\/#\\\/schema\\\/person\\\/62712085a0c1965549cf79987a0adf32\",\"name\":\"Dan Claudiu Buzdugan\",\"url\":\"https:\\\/\\\/mediasindependent.ro\\\/?author=3\"}]}<\/script>\n<!-- \/ Yoast SEO plugin. -->","yoast_head_json":{"title":"Un \u0219ofer din jude\u021bul Buz\u0103u, depistat conduc\u00e2nd f\u0103r\u0103 permis la Media\u0219 -","robots":{"index":"index","follow":"follow","max-snippet":"max-snippet:-1","max-image-preview":"max-image-preview:large","max-video-preview":"max-video-preview:-1"},"canonical":"https:\/\/mediasindependent.ro\/?p=69830","og_locale":"ro_RO","og_type":"article","og_title":"Un \u0219ofer din jude\u021bul Buz\u0103u, depistat conduc\u00e2nd f\u0103r\u0103 permis la Media\u0219 -","og_description":"Poli&#539;i&#537;tii rutieri sibieni sunt zilnic la datorie &#537;i opresc &icirc;n trafic sute de &#537;oferi pentru a le verifica actele sau","og_url":"https:\/\/mediasindependent.ro\/?p=69830","article_publisher":"https:\/\/www.facebook.com\/mediasindependent","article_published_time":"2021-11-17T09:46:38+00:00","article_modified_time":"2021-11-17T09:46:46+00:00","og_image":[{"width":1599,"height":733,"url":"https:\/\/mediasindependent.ro\/wp-content\/uploads\/2021\/11\/Point-Blur_Nov172021_112300.jpg","type":"image\/jpeg"}],"author":"Dan Claudiu Buzdugan","twitter_card":"summary_large_image","twitter_misc":{"Scris de":"Dan Claudiu Buzdugan","Timp estimat pentru citire":"1 minut"},"schema":{"@context":"https:\/\/schema.org","@graph":[{"@type":"Article","@id":"https:\/\/mediasindependent.ro\/?p=69830#article","isPartOf":{"@id":"https:\/\/mediasindependent.ro\/?p=69830"},"author":{"name":"Dan Claudiu Buzdugan","@id":"https:\/\/mediasindependent.ro\/#\/schema\/person\/62712085a0c1965549cf79987a0adf32"},"headline":"Un \u0219ofer din jude\u021bul Buz\u0103u, depistat conduc\u00e2nd f\u0103r\u0103 permis la Media\u0219","datePublished":"2021-11-17T09:46:38+00:00","dateModified":"2021-11-17T09:46:46+00:00","mainEntityOfPage":{"@id":"https:\/\/mediasindependent.ro\/?p=69830"},"wordCount":119,"commentCount":0,"publisher":{"@id":"https:\/\/mediasindependent.ro\/#organization"},"image":{"@id":"https:\/\/mediasindependent.ro\/?p=69830#primaryimage"},"thumbnailUrl":"https:\/\/mediasindependent.ro\/wp-content\/uploads\/2021\/11\/Point-Blur_Nov172021_112300.jpg","articleSection":["Actualitate"],"inLanguage":"ro-RO","potentialAction":[{"@type":"CommentAction","name":"Comment","target":["https:\/\/mediasindependent.ro\/?p=69830#respond"]}]},{"@type":"WebPage","@id":"https:\/\/mediasindependent.ro\/?p=69830","url":"https:\/\/mediasindependent.ro\/?p=69830","name":"Un \u0219ofer din jude\u021bul Buz\u0103u, depistat conduc\u00e2nd f\u0103r\u0103 permis la Media\u0219 -","isPartOf":{"@id":"https:\/\/mediasindependent.ro\/#website"},"primaryImageOfPage":{"@id":"https:\/\/mediasindependent.ro\/?p=69830#primaryimage"},"image":{"@id":"https:\/\/mediasindependent.ro\/?p=69830#primaryimage"},"thumbnailUrl":"https:\/\/mediasindependent.ro\/wp-content\/uploads\/2021\/11\/Point-Blur_Nov172021_112300.jpg","datePublished":"2021-11-17T09:46:38+00:00","dateModified":"2021-11-17T09:46:46+00:00","breadcrumb":{"@id":"https:\/\/mediasindependent.ro\/?p=69830#breadcrumb"},"inLanguage":"ro-RO","potentialAction":[{"@type":"ReadAction","target":["https:\/\/mediasindependent.ro\/?p=69830"]}]},{"@type":"ImageObject","inLanguage":"ro-RO","@id":"https:\/\/mediasindependent.ro\/?p=69830#primaryimage","url":"https:\/\/mediasindependent.ro\/wp-content\/uploads\/2021\/11\/Point-Blur_Nov172021_112300.jpg","contentUrl":"https:\/\/mediasindependent.ro\/wp-content\/uploads\/2021\/11\/Point-Blur_Nov172021_112300.jpg","width":1599,"height":733},{"@type":"BreadcrumbList","@id":"https:\/\/mediasindependent.ro\/?p=69830#breadcrumb","itemListElement":[{"@type":"ListItem","position":1,"name":"Prima pagin\u0103","item":"https:\/\/mediasindependent.ro\/"},{"@type":"ListItem","position":2,"name":"Un \u0219ofer din jude\u021bul Buz\u0103u, depistat conduc\u00e2nd f\u0103r\u0103 permis la Media\u0219"}]},{"@type":"WebSite","@id":"https:\/\/mediasindependent.ro\/#website","url":"https:\/\/mediasindependent.ro\/","name":"Media\u0219 Independent","description":"Ziarul Media\u015fului \u015fi nordului jude\u0163ului Sibiu","publisher":{"@id":"https:\/\/mediasindependent.ro\/#organization"},"potentialAction":[{"@type":"SearchAction","target":{"@type":"EntryPoint","urlTemplate":"https:\/\/mediasindependent.ro\/?s={search_term_string}"},"query-input":{"@type":"PropertyValueSpecification","valueRequired":true,"valueName":"search_term_string"}}],"inLanguage":"ro-RO"},{"@type":"Organization","@id":"https:\/\/mediasindependent.ro\/#organization","name":"Medias Independent","url":"https:\/\/mediasindependent.ro\/","logo":{"@type":"ImageObject","inLanguage":"ro-RO","@id":"https:\/\/mediasindependent.ro\/#\/schema\/logo\/image\/","url":"https:\/\/mediasindependent.ro\/wp-content\/uploads\/2021\/02\/Medias-banner.jpg","contentUrl":"https:\/\/mediasindependent.ro\/wp-content\/uploads\/2021\/02\/Medias-banner.jpg","width":1920,"height":579,"caption":"Medias Independent"},"image":{"@id":"https:\/\/mediasindependent.ro\/#\/schema\/logo\/image\/"},"sameAs":["https:\/\/www.facebook.com\/mediasindependent"]},{"@type":"Person","@id":"https:\/\/mediasindependent.ro\/#\/schema\/person\/62712085a0c1965549cf79987a0adf32","name":"Dan Claudiu Buzdugan","url":"https:\/\/mediasindependent.ro\/?author=3"}]}},"jetpack_featured_media_url":"https:\/\/mediasindependent.ro\/wp-content\/uploads\/2021\/11\/Point-Blur_Nov172021_112300.jpg","_links":{"self":[{"href":"https:\/\/mediasindependent.ro\/index.php?rest_route=\/wp\/v2\/posts\/69830","targetHints":{"allow":["GET"]}}],"collection":[{"href":"https:\/\/mediasindependent.ro\/index.php?rest_route=\/wp\/v2\/posts"}],"about":[{"href":"https:\/\/mediasindependent.ro\/index.php?rest_route=\/wp\/v2\/types\/post"}],"author":[{"embeddable":true,"href":"https:\/\/mediasindependent.ro\/index.php?rest_route=\/wp\/v2\/users\/3"}],"replies":[{"embeddable":true,"href":"https:\/\/mediasindependent.ro\/index.php?rest_route=%2Fwp%2Fv2%2Fcomments&post=69830"}],"version-history":[{"count":1,"href":"https:\/\/mediasindependent.ro\/index.php?rest_route=\/wp\/v2\/posts\/69830\/revisions"}],"predecessor-version":[{"id":69831,"href":"https:\/\/mediasindependent.ro\/index.php?rest_route=\/wp\/v2\/posts\/69830\/revisions\/69831"}],"wp:featuredmedia":[{"embeddable":true,"href":"https:\/\/mediasindependent.ro\/index.php?rest_route=\/wp\/v2\/media\/69829"}],"wp:attachment":[{"href":"https:\/\/mediasindependent.ro\/index.php?rest_route=%2Fwp%2Fv2%2Fmedia&parent=69830"}],"wp:term":[{"taxonomy":"category","embeddable":true,"href":"https:\/\/mediasindependent.ro\/index.php?rest_route=%2Fwp%2Fv2%2Fcategories&post=69830"},{"taxonomy":"post_tag","embeddable":true,"href":"https:\/\/mediasindependent.ro\/index.php?rest_route=%2Fwp%2Fv2%2Ftags&post=69830"}],"curies":[{"name":"wp","href":"https:\/\/api.w.org\/{rel}","templated":true}]}}